{"id":53,"date":"2010-11-08T08:39:03","date_gmt":"2010-11-08T13:39:03","guid":{"rendered":"http:\/\/299792458.es\/?p=53"},"modified":"2010-11-08T08:39:03","modified_gmt":"2010-11-08T13:39:03","slug":"pronunciamiento-sobre-la-sentencia-de-jose-alejandro-godoy","status":"publish","type":"post","link":"https:\/\/299792458.es\/?p=53","title":{"rendered":"Pronunciamiento sobre la sentencia de Jos\u00e9 Alejandro Godoy"},"content":{"rendered":"<p align=\"center\"><span>PRONUNCIAMIENTO DE LA  COMUNIDAD LAICAL SS.CC. H\u00c9CTOR DE C\u00c1RDENAS<\/span><br \/>\n<span>Ante la sentencia de  Jos\u00e9 Alejandro Godoy por publicaciones en su blog sobre el ex-congresista Jorge  Mufarech<\/span><\/p>\n<p align=\"justify\">La libertad de expresi\u00f3n es uno  de los  m\u00e1s importantes derechos cuando se vive en democracia. Consagrado por la   Convenci\u00f3n Americana de Derechos Humanos, asegura que cada persona  pueda  ejercer su derecho a opinar en el proceso de construir  convivencia. Obviamente,  tiene l\u00edmites. Nadie tiene derecho a hacer  p\u00fablicos aspectos de la vida privada  de otros, como tampoco a propagar  informaci\u00f3n que falte a la verdad.<\/p>\n<p align=\"justify\">Desde el punto de vista cristiano, la  libertad  de expresi\u00f3n no es ya s\u00f3lo un derecho sino incluso un deber:  el cristiano est\u00e1  llamado a opinar, a cuestionar y a denunciar todo  aquello que atente contra la  justicia y la convivencia armoniosa. Desde  su compromiso de seguimiento a  Jes\u00fas, el cristiano est\u00e1 llamado a  proclamar la verdad.<\/p>\n<p align=\"justify\">Es por ello que nos resulta m\u00e1s  que  escandalosa la reciente sentencia de la jueza Flor de Mar\u00eda La Rosa La  Rosa  contra el blogger Jos\u00e9 Alejandro Godoy, conden\u00e1ndolo a tres a\u00f1os  de prisi\u00f3n  suspendida, adem\u00e1s del pago de S\/.350,000 de reparaci\u00f3n  civil y 120 d\u00edas de  trabajo social. El cargo: supuesta difamaci\u00f3n en  perjuicio del ex congresista y  ex ministro Jorge Mufarech.<\/p>\n<p align=\"justify\">Como el profesional serio que es,  Jos\u00e9  Alejandro Godoy ha mostrado siempre una trayectoria correcta. Preocupado   por el acontecer pol\u00edtico del pa\u00eds y desde su pertenencia a una  comunidad  cristiana, sus art\u00edculos han sido siempre serios, y  preocupados por la verdad y  la justicia. En este caso espec\u00edfico,  public\u00f3 en su blog un art\u00edculo en el que  denunciaba con documentos la  amenaza de Jorge Mufarech contra un trabajador del  Congreso  contextualiz\u00e1ndola con denuncias previas que el Sr. Mufarech hab\u00eda   tenido que enfrentar. Posteriormente, Godoy public\u00f3 tambi\u00e9n la  rectificaci\u00f3n  del Sr. Mufarech, pero se neg\u00f3 a suprimir el art\u00edculo del  blog, por lo que fue  enjuiciado con los resultados ya mencionados.<\/p>\n<p align=\"justify\">La sentencia de la jueza La Rosa  resulta  muy poco expl\u00edcita y carece de sustento claro, pues no ha hecho   referencia a las pruebas de las partes. Adem\u00e1s la pena condenatoria es   claramente desmesurada.<\/p>\n<p>Como comunidad cristiana sentimos  la urgencia de expresar  nuestro rechazo a este tipo de medidas que parecen  buscar el silencio  ante la injusticia y la corrupci\u00f3n. Nos unimos a las  numerosas voces  que se han alzado para reclamar esta inusual sentencia y  expresamos  nuestra mayor solidaridad a nuestro hermano Jos\u00e9 Alejandro Godoy.<\/p>\n<p align=\"right\"><em>Lima, 2 de noviembre de 2010<\/em><\/p>\n<p align=\"right\"><em>Comunidad SS.CC. H\u00e9ctor de C\u00e1rdenas<\/em><\/p>\n<p style=\"text-align: left\">Publicado originalmente en: <a href=\"http:\/\/comunasscc-hdc.org\/decaraalmundo.htm\" target=\"_blank\">http:\/\/comunasscc-hdc.org\/decaraalmundo.htm<\/a><\/p>\n","protected":false},"excerpt":{"rendered":"<p>PRONUNCIAMIENTO DE LA COMUNIDAD LAICAL SS.CC. H\u00c9CTOR DE C\u00c1RDENAS Ante la sentencia de Jos\u00e9 Alejandro Godoy por publicaciones en su blog sobre el ex-congresista Jorge Mufarech La libertad de expresi\u00f3n es uno de los m\u00e1s importantes derechos cuando se vive en democracia. Consagrado por la Convenci\u00f3n Americana de Derechos Humanos, asegura que cada persona pueda [&hellip;]<\/p>\n","protected":false},"author":1,"featured_media":0,"comment_status":"open","ping_status":"open","sticky":false,"template":"","format":"standard","meta":{"footnotes":""},"categories":[14],"tags":[],"class_list":["post-53","post","type-post","status-publish","format-standard","hentry","category-proyectos-web"],"_links":{"self":[{"href":"https:\/\/299792458.es\/index.php?rest_route=\/wp\/v2\/posts\/53","targetHints":{"allow":["GET"]}}],"collection":[{"href":"https:\/\/299792458.es\/index.php?rest_route=\/wp\/v2\/posts"}],"about":[{"href":"https:\/\/299792458.es\/index.php?rest_route=\/wp\/v2\/types\/post"}],"author":[{"embeddable":true,"href":"https:\/\/299792458.es\/index.php?rest_route=\/wp\/v2\/users\/1"}],"replies":[{"embeddable":true,"href":"https:\/\/299792458.es\/index.php?rest_route=%2Fwp%2Fv2%2Fcomments&post=53"}],"version-history":[{"count":2,"href":"https:\/\/299792458.es\/index.php?rest_route=\/wp\/v2\/posts\/53\/revisions"}],"predecessor-version":[{"id":55,"href":"https:\/\/299792458.es\/index.php?rest_route=\/wp\/v2\/posts\/53\/revisions\/55"}],"wp:attachment":[{"href":"https:\/\/299792458.es\/index.php?rest_route=%2Fwp%2Fv2%2Fmedia&parent=53"}],"wp:term":[{"taxonomy":"category","embeddable":true,"href":"https:\/\/299792458.es\/index.php?rest_route=%2Fwp%2Fv2%2Fcategories&post=53"},{"taxonomy":"post_tag","embeddable":true,"href":"https:\/\/299792458.es\/index.php?rest_route=%2Fwp%2Fv2%2Ftags&post=53"}],"curies":[{"name":"wp","href":"https:\/\/api.w.org\/{rel}","templated":true}]}}